{"id":18909,"date":"2026-04-17T10:31:06","date_gmt":"2026-04-17T07:31:06","guid":{"rendered":"https:\/\/mdplusbio.com\/shampooing-lotion-reparation-cheveux\/"},"modified":"2026-04-24T12:40:01","modified_gmt":"2026-04-24T09:40:01","slug":"shampooing-lotion-reparation-cheveux","status":"publish","type":"post","link":"https:\/\/mdplusbio.com\/fr\/shampooing-lotion-reparation-cheveux\/","title":{"rendered":"Shampooing et Lotion R\u00e9paration Cheveux : Routine Quotidienne Compl\u00e8te"},"content":{"rendered":"\t\t<div data-elementor-type=\"wp-post\" data-elementor-id=\"18909\" class=\"elementor elementor-18909 elementor-18876\" data-elementor-post-type=\"post\">\n\t\t\t\t<div class=\"elementor-element elementor-element-f49ce81 e-flex e-con-boxed e-con e-parent\" data-id=\"f49ce81\" data-element_type=\"container\">\n\t\t\t\t\t<div class=\"e-con-inner\">\n\t\t\t\t<div class=\"elementor-element elementor-element-76e0e16 elementor-widget elementor-widget-text-editor\" data-id=\"76e0e16\" data-element_type=\"widget\" data-widget_type=\"text-editor.default\">\n\t\t\t\t<div class=\"elementor-widget-container\">\n\t\t\t\t\t\t\t\t\t<p>Maintenir des cheveux sains et \u00e9pais n\u00e9cessite plus qu\u2019un soin occasionnel : cela demande une <strong>routine capillaire quotidienne<\/strong> qui nourrit le cuir chevelu, renforce les follicules et pr\u00e9vient la chute excessive. Le <strong>MD PLUS BIO Hair Repair Shampoo and Lotion Set<\/strong> a \u00e9t\u00e9 con\u00e7u pour offrir une solution compl\u00e8te contre l\u2019amincissement des cheveux, les cheveux fragilis\u00e9s et la r\u00e9cup\u00e9ration du cuir chevelu apr\u00e8s des traitements ou interventions. <\/p><p>Ce syst\u00e8me professionnel associe un <strong>shampooing anti-chute sans sulfates<\/strong> \u00e0 une lotion capillaire fortifiante, cr\u00e9ant une routine \u00e0 double action qui stimule la pousse, am\u00e9liore la sant\u00e9 du cuir chevelu et renforce les cheveux existants.<\/p><h2><strong>Les Bienfaits de la Combinaison Shampooing + Lotion<\/strong><\/h2><p>L\u2019utilisation combin\u00e9e d\u2019un shampooing et d\u2019une lotion r\u00e9paratrice offre des b\u00e9n\u00e9fices sup\u00e9rieurs \u00e0 ceux d\u2019un seul produit :<\/p><ul><li><strong>Renforce l\u2019ancrage des follicules<\/strong> \u2013 Capixyl\u2122 et Procapil aident \u00e0 r\u00e9duire la chute et \u00e0 renforcer les racines<br><\/li><li>Am\u00e9liore la sant\u00e9 du cuir chevelu \u2013 Aloe Vera, b\u00eata-glucane et Centella Asiatica favorisent l\u2019hydratation et la microcirculation<br><\/li><li>Renforce la fibre capillaire \u2013 La k\u00e9ratine hydrolys\u00e9e et le collag\u00e8ne am\u00e9liorent la r\u00e9sistance du cheveu<br><\/li><li>\u00c9quilibre le cuir chevelu \u2013 Formule au pH 6\u20136,2 qui respecte le microbiome naturel<br><\/li><li><strong>Contr\u00f4le les pellicules et r\u00e9sidus<\/strong> \u2013 Le Piroctone Olamine aide \u00e0 maintenir un cuir chevelu propre et sain<\/li><\/ul><p>Cette combinaison garantit une routine compl\u00e8te permettant de <strong>nettoyer, nourrir et renforcer les cheveux en synergie<\/strong>, maximisant ainsi l\u2019efficacit\u00e9 des actifs.<\/p><h2><strong>Comment Appliquer les Produits pour des R\u00e9sultats Optimaux<\/strong><\/h2><p><strong>Une routine correcte est essentielle pour obtenir des r\u00e9sultats : <\/strong><\/p><ol><li><strong>Shampooing<\/strong><ul><li>Mouillez soigneusement les cheveux et appliquez une petite quantit\u00e9 de Hair Repair Shampoo<\/li><li>Massez d\u00e9licatement le cuir chevelu et les cheveux du bout des doigts<\/li><li>Rincez et r\u00e9p\u00e9tez ; lors de la seconde application, laissez agir au moins 5 minutes<\/li><\/ul><\/li><li><strong>Lotion<\/strong><ul><li>Apr\u00e8s avoir s\u00e9ch\u00e9 les cheveux \u00e0 la serviette, appliquez la Hair Repair Lotion directement sur les zones clairsem\u00e9es ou d\u00e9s\u00e9quilibr\u00e9es<\/li><li>Massez doucement pour favoriser l\u2019absorption<\/li><li>Ne pas rincer<\/li><\/ul><\/li><\/ol><p>Cette routine optimise la synergie entre Redensyl et Procapil et stimule la microcirculation du cuir chevelu.<\/p><h2><strong>Application Matin vs Soir<\/strong><\/h2><ul><li><strong>Routine du Matin:<\/strong><br>Id\u00e9ale pour nettoyer le cuir chevelu et pr\u00e9parer les cheveux pour la journ\u00e9e.<br>Le shampooing \u00e9limine le s\u00e9bum et les impuret\u00e9s accumul\u00e9s pendant la nuit, tandis que la lotion apporte un soutien continu aux follicules.  <\/li><li>Routine du Soir:<br>Application facultative pour un soin intensif.<br>Le soir, les actifs agissent pendant la nuit, favorisant la r\u00e9g\u00e9n\u00e9ration et l\u2019hydratation du cuir chevelu. <\/li><\/ul><p>De nombreux utilisateurs constatent de meilleurs r\u00e9sultats en combinant shampooing le matin et lotion le soir.<\/p><h2><strong>Synergie Redensyl et Procapil<\/strong><\/h2><p>Le <strong>Hair Repair Shampoo + Lotion Set<\/strong> exploite les bienfaits de :<\/p><ul><li><strong>Redensyl \u2013<\/strong> Stimule les cellules souches capillaires et favorise de nouveaux cycles de croissance<br><\/li><li><strong>Procapil<\/strong> \u2013 Am\u00e9liore la microcirculation et renforce l\u2019ancrage des follicules<\/li><\/ul><p>Utilis\u00e9s ensemble, ces actifs aident \u00e0 <strong>r\u00e9duire la chute des cheveux et \u00e0 soutenir la repousse naturelle<\/strong>, notamment en cas de chute pr\u00e9coce ou de follicules affaiblis.<\/p><h2><strong>Rentabilit\u00e9 vs Produits S\u00e9par\u00e9s<\/strong><\/h2><p><strong>Acheter un shampooing et une lotion en kit pr\u00e9sente plusieurs avantages :<\/strong><\/p><ul><li>Formulation optimis\u00e9e \u2013 Produits con\u00e7us pour fonctionner en synergie<\/li><li>Routine simplifi\u00e9e \u2013 Moins d\u2019incertitude, plus de r\u00e9gularit\u00e9<br><\/li><li>\u00c9conomie \u2013 Plus avantageux que l\u2019achat s\u00e9par\u00e9, compte tenu de la concentration \u00e9lev\u00e9e en actifs<\/li><\/ul><h2><strong>Exp\u00e9rience Utilisateur et Avis<\/strong><\/h2><p><strong>Les utilisateurs rapportent fr\u00e9quemment :<\/strong><\/p><ul><li>Une r\u00e9duction visible de la chute en 2 \u00e0 4 semaines<br><\/li><li><strong>Une meilleure hydratation et un confort du cuir chevelu<br><\/strong><\/li><li>Des cheveux plus \u00e9pais et plus forts en 6 \u00e0 8 semaines<br><\/li><li><strong>Une am\u00e9lioration de la texture et de la brillance<br><\/strong><\/li><li>De meilleurs r\u00e9sultats en combinaison avec des traitements comme le <strong>Hair Complex Meso Serum<\/strong><\/li><\/ul><p>La formule douce sans sulfates est particuli\u00e8rement appr\u00e9ci\u00e9e pour un usage quotidien sans irritation.<\/p><h2><strong>\u00c0 Qui S\u2019Adresse Ce Produit ?<\/strong><\/h2><p><strong>Ce set est id\u00e9al pour :<\/strong><\/p><ul><li>Les personnes souffrant de chute de cheveux ou de stress capillaire<\/li><li>Les cuirs chevelus sensibles, gras ou secs<\/li><li>Les soins post-greffe capillaire (avec validation m\u00e9dicale)<\/li><li>Ceux qui recherchent une routine pr\u00e9ventive quotidienne<\/li><li>Toute personne souhaitant renforcer des cheveux fins ou fragiles<\/li><\/ul><h2><strong>S\u00e9curit\u00e9 et Pr\u00e9cautions<\/strong><\/h2><ul><li>Usage externe uniquement<\/li><li>\u00c9viter le contact avec les yeux<\/li><li>Ne convient pas aux enfants de moins de 3 ans<\/li><li>Consulter un sp\u00e9cialiste en cas de probl\u00e8me dermatologique<br><\/li><li>Interrompre l\u2019utilisation en cas d\u2019irritation<\/li><li>Conserver dans un endroit frais et sec<\/li><\/ul><h2><strong>FAQ (Questions Fr\u00e9quemment Pos\u00e9es)<\/strong><\/h2>\t\t\t\t\t\t\t\t<\/div>\n\t\t\t\t<\/div>\n\t\t\t\t\t<\/div>\n\t\t\t\t<\/div>\n\t\t<div class=\"elementor-element elementor-element-372f8e2 e-con-full e-flex e-con e-parent\" data-id=\"372f8e2\" data-element_type=\"container\">\n\t\t\t\t<div class=\"elementor-element elementor-element-8e68801 elementor-widget elementor-widget-n-accordion\" data-id=\"8e68801\" data-element_type=\"widget\" data-settings=\"{&quot;default_state&quot;:&quot;expanded&quot;,&quot;max_items_expended&quot;:&quot;one&quot;,&quot;n_accordion_animation_duration&quot;:{&quot;unit&quot;:&quot;ms&quot;,&quot;size&quot;:400,&quot;sizes&quot;:[]}}\" data-widget_type=\"nested-accordion.default\">\n\t\t\t\t<div class=\"elementor-widget-container\">\n\t\t\t\t\t\t\t<div class=\"e-n-accordion\" aria-label=\"Accordion. Open links with Enter or Space, close with Escape, and navigate with Arrow Keys\">\n\t\t\t\t\t\t<details id=\"e-n-accordion-item-1490\" class=\"e-n-accordion-item\" open>\n\t\t\t\t<summary class=\"e-n-accordion-item-title\" data-accordion-index=\"1\" tabindex=\"0\" aria-expanded=\"true\" aria-controls=\"e-n-accordion-item-1490\" >\n\t\t\t\t\t<span class='e-n-accordion-item-title-header'><div class=\"e-n-accordion-item-title-text\"> Puis-je utiliser le shampooing et la lotion tous les jours ? <\/div><\/span>\n\t\t\t\t\t\t\t<span class='e-n-accordion-item-title-icon'>\n\t\t\t<span class='e-opened' ><svg aria-hidden=\"true\" class=\"e-font-icon-svg e-fas-minus\" viewBox=\"0 0 448 512\" xmlns=\"http:\/\/www.w3.org\/2000\/svg\"><path d=\"M416 208H32c-17.67 0-32 14.33-32 32v32c0 17.67 14.33 32 32 32h384c17.67 0 32-14.33 32-32v-32c0-17.67-14.33-32-32-32z\"><\/path><\/svg><\/span>\n\t\t\t<span class='e-closed'><svg aria-hidden=\"true\" class=\"e-font-icon-svg e-fas-plus\" viewBox=\"0 0 448 512\" xmlns=\"http:\/\/www.w3.org\/2000\/svg\"><path d=\"M416 208H272V64c0-17.67-14.33-32-32-32h-32c-17.67 0-32 14.33-32 32v144H32c-17.67 0-32 14.33-32 32v32c0 17.67 14.33 32 32 32h144v144c0 17.67 14.33 32 32 32h32c17.67 0 32-14.33 32-32V304h144c17.67 0 32-14.33 32-32v-32c0-17.67-14.33-32-32-32z\"><\/path><\/svg><\/span>\n\t\t<\/span>\n\n\t\t\t\t\t\t<\/summary>\n\t\t\t\t<div role=\"region\" aria-labelledby=\"e-n-accordion-item-1490\" class=\"elementor-element elementor-element-0cce5aa e-con-full e-flex e-con e-child\" data-id=\"0cce5aa\" data-element_type=\"container\">\n\t\t<div role=\"region\" aria-labelledby=\"e-n-accordion-item-1490\" class=\"elementor-element elementor-element-182dc0b e-flex e-con-boxed e-con e-child\" data-id=\"182dc0b\" data-element_type=\"container\">\n\t\t\t\t\t<div class=\"e-con-inner\">\n\t\t\t\t<div class=\"elementor-element elementor-element-5769297 elementor-widget elementor-widget-text-editor\" data-id=\"5769297\" data-element_type=\"widget\" data-widget_type=\"text-editor.default\">\n\t\t\t\t<div class=\"elementor-widget-container\">\n\t\t\t\t\t\t\t\t\t<p class=\"MsoNormal\"><span lang=\"EN-US\">Oui, ce set est con\u00e7u pour un usage quotidien. Utilisez le shampooing le matin et appliquez la lotion pour un soutien continu. <\/span><\/p>\t\t\t\t\t\t\t\t<\/div>\n\t\t\t\t<\/div>\n\t\t\t\t\t<\/div>\n\t\t\t\t<\/div>\n\t\t\t\t<\/div>\n\t\t\t\t\t<\/details>\n\t\t\t\t\t\t<details id=\"e-n-accordion-item-1491\" class=\"e-n-accordion-item\" >\n\t\t\t\t<summary class=\"e-n-accordion-item-title\" data-accordion-index=\"2\" tabindex=\"-1\" aria-expanded=\"false\" aria-controls=\"e-n-accordion-item-1491\" >\n\t\t\t\t\t<span class='e-n-accordion-item-title-header'><div class=\"e-n-accordion-item-title-text\"> Est-ce adapt\u00e9 apr\u00e8s une greffe de cheveux ? <\/div><\/span>\n\t\t\t\t\t\t\t<span class='e-n-accordion-item-title-icon'>\n\t\t\t<span class='e-opened' ><svg aria-hidden=\"true\" class=\"e-font-icon-svg e-fas-minus\" viewBox=\"0 0 448 512\" xmlns=\"http:\/\/www.w3.org\/2000\/svg\"><path d=\"M416 208H32c-17.67 0-32 14.33-32 32v32c0 17.67 14.33 32 32 32h384c17.67 0 32-14.33 32-32v-32c0-17.67-14.33-32-32-32z\"><\/path><\/svg><\/span>\n\t\t\t<span class='e-closed'><svg aria-hidden=\"true\" class=\"e-font-icon-svg e-fas-plus\" viewBox=\"0 0 448 512\" xmlns=\"http:\/\/www.w3.org\/2000\/svg\"><path d=\"M416 208H272V64c0-17.67-14.33-32-32-32h-32c-17.67 0-32 14.33-32 32v144H32c-17.67 0-32 14.33-32 32v32c0 17.67 14.33 32 32 32h144v144c0 17.67 14.33 32 32 32h32c17.67 0 32-14.33 32-32V304h144c17.67 0 32-14.33 32-32v-32c0-17.67-14.33-32-32-32z\"><\/path><\/svg><\/span>\n\t\t<\/span>\n\n\t\t\t\t\t\t<\/summary>\n\t\t\t\t<div role=\"region\" aria-labelledby=\"e-n-accordion-item-1491\" class=\"elementor-element elementor-element-e45d194 e-con-full e-flex e-con e-child\" data-id=\"e45d194\" data-element_type=\"container\">\n\t\t<div role=\"region\" aria-labelledby=\"e-n-accordion-item-1491\" class=\"elementor-element elementor-element-9458e99 e-flex e-con-boxed e-con e-child\" data-id=\"9458e99\" data-element_type=\"container\">\n\t\t\t\t\t<div class=\"e-con-inner\">\n\t\t\t\t<div class=\"elementor-element elementor-element-700eeee elementor-widget elementor-widget-text-editor\" data-id=\"700eeee\" data-element_type=\"widget\" data-widget_type=\"text-editor.default\">\n\t\t\t\t<div class=\"elementor-widget-container\">\n\t\t\t\t\t\t\t\t\t<p>Oui, il convient \u00e0 l\u2019entretien post-intervention avec l\u2019accord de votre m\u00e9decin.<\/p>\t\t\t\t\t\t\t\t<\/div>\n\t\t\t\t<\/div>\n\t\t\t\t\t<\/div>\n\t\t\t\t<\/div>\n\t\t\t\t<\/div>\n\t\t\t\t\t<\/details>\n\t\t\t\t\t\t<details id=\"e-n-accordion-item-1492\" class=\"e-n-accordion-item\" >\n\t\t\t\t<summary class=\"e-n-accordion-item-title\" data-accordion-index=\"3\" tabindex=\"-1\" aria-expanded=\"false\" aria-controls=\"e-n-accordion-item-1492\" >\n\t\t\t\t\t<span class='e-n-accordion-item-title-header'><div class=\"e-n-accordion-item-title-text\"> En combien de temps voit-on les r\u00e9sultats ? <\/div><\/span>\n\t\t\t\t\t\t\t<span class='e-n-accordion-item-title-icon'>\n\t\t\t<span class='e-opened' ><svg aria-hidden=\"true\" class=\"e-font-icon-svg e-fas-minus\" viewBox=\"0 0 448 512\" xmlns=\"http:\/\/www.w3.org\/2000\/svg\"><path d=\"M416 208H32c-17.67 0-32 14.33-32 32v32c0 17.67 14.33 32 32 32h384c17.67 0 32-14.33 32-32v-32c0-17.67-14.33-32-32-32z\"><\/path><\/svg><\/span>\n\t\t\t<span class='e-closed'><svg aria-hidden=\"true\" class=\"e-font-icon-svg e-fas-plus\" viewBox=\"0 0 448 512\" xmlns=\"http:\/\/www.w3.org\/2000\/svg\"><path d=\"M416 208H272V64c0-17.67-14.33-32-32-32h-32c-17.67 0-32 14.33-32 32v144H32c-17.67 0-32 14.33-32 32v32c0 17.67 14.33 32 32 32h144v144c0 17.67 14.33 32 32 32h32c17.67 0 32-14.33 32-32V304h144c17.67 0 32-14.33 32-32v-32c0-17.67-14.33-32-32-32z\"><\/path><\/svg><\/span>\n\t\t<\/span>\n\n\t\t\t\t\t\t<\/summary>\n\t\t\t\t<div role=\"region\" aria-labelledby=\"e-n-accordion-item-1492\" class=\"elementor-element elementor-element-a78047d e-con-full e-flex e-con e-child\" data-id=\"a78047d\" data-element_type=\"container\">\n\t\t<div role=\"region\" aria-labelledby=\"e-n-accordion-item-1492\" class=\"elementor-element elementor-element-afca271 e-flex e-con-boxed e-con e-child\" data-id=\"afca271\" data-element_type=\"container\">\n\t\t\t\t\t<div class=\"e-con-inner\">\n\t\t\t\t<div class=\"elementor-element elementor-element-270b0a9 elementor-widget elementor-widget-text-editor\" data-id=\"270b0a9\" data-element_type=\"widget\" data-widget_type=\"text-editor.default\">\n\t\t\t\t<div class=\"elementor-widget-container\">\n\t\t\t\t\t\t\t\t\t<p>Une r\u00e9duction de la chute peut \u00eatre observ\u00e9e en 2 \u00e0 4 semaines, avec des cheveux plus \u00e9pais apr\u00e8s 6 \u00e0 8 semaines.<\/p>\t\t\t\t\t\t\t\t<\/div>\n\t\t\t\t<\/div>\n\t\t\t\t\t<\/div>\n\t\t\t\t<\/div>\n\t\t\t\t<\/div>\n\t\t\t\t\t<\/details>\n\t\t\t\t\t\t<details id=\"e-n-accordion-item-1493\" class=\"e-n-accordion-item\" >\n\t\t\t\t<summary class=\"e-n-accordion-item-title\" data-accordion-index=\"4\" tabindex=\"-1\" aria-expanded=\"false\" aria-controls=\"e-n-accordion-item-1493\" >\n\t\t\t\t\t<span class='e-n-accordion-item-title-header'><div class=\"e-n-accordion-item-title-text\"> Convient-il \u00e0 tous les types de cheveux ? <\/div><\/span>\n\t\t\t\t\t\t\t<span class='e-n-accordion-item-title-icon'>\n\t\t\t<span class='e-opened' ><svg aria-hidden=\"true\" class=\"e-font-icon-svg e-fas-minus\" viewBox=\"0 0 448 512\" xmlns=\"http:\/\/www.w3.org\/2000\/svg\"><path d=\"M416 208H32c-17.67 0-32 14.33-32 32v32c0 17.67 14.33 32 32 32h384c17.67 0 32-14.33 32-32v-32c0-17.67-14.33-32-32-32z\"><\/path><\/svg><\/span>\n\t\t\t<span class='e-closed'><svg aria-hidden=\"true\" class=\"e-font-icon-svg e-fas-plus\" viewBox=\"0 0 448 512\" xmlns=\"http:\/\/www.w3.org\/2000\/svg\"><path d=\"M416 208H272V64c0-17.67-14.33-32-32-32h-32c-17.67 0-32 14.33-32 32v144H32c-17.67 0-32 14.33-32 32v32c0 17.67 14.33 32 32 32h144v144c0 17.67 14.33 32 32 32h32c17.67 0 32-14.33 32-32V304h144c17.67 0 32-14.33 32-32v-32c0-17.67-14.33-32-32-32z\"><\/path><\/svg><\/span>\n\t\t<\/span>\n\n\t\t\t\t\t\t<\/summary>\n\t\t\t\t<div role=\"region\" aria-labelledby=\"e-n-accordion-item-1493\" class=\"elementor-element elementor-element-b0fa0fd e-flex e-con-boxed e-con e-child\" data-id=\"b0fa0fd\" data-element_type=\"container\">\n\t\t\t\t\t<div class=\"e-con-inner\">\n\t\t<div role=\"region\" aria-labelledby=\"e-n-accordion-item-1493\" class=\"elementor-element elementor-element-9c50faa e-con-full e-flex e-con e-child\" data-id=\"9c50faa\" data-element_type=\"container\">\n\t\t\t\t<div class=\"elementor-element elementor-element-d3ae599 elementor-widget elementor-widget-text-editor\" data-id=\"d3ae599\" data-element_type=\"widget\" data-widget_type=\"text-editor.default\">\n\t\t\t\t<div class=\"elementor-widget-container\">\n\t\t\t\t\t\t\t\t\t<p>Oui, il est adapt\u00e9 aux cheveux secs, gras, normaux et aux cuirs chevelus sensibles.<\/p>\t\t\t\t\t\t\t\t<\/div>\n\t\t\t\t<\/div>\n\t\t\t\t<\/div>\n\t\t\t\t\t<\/div>\n\t\t\t\t<\/div>\n\t\t\t\t\t<\/details>\n\t\t\t\t\t\t<details id=\"e-n-accordion-item-1494\" class=\"e-n-accordion-item\" >\n\t\t\t\t<summary class=\"e-n-accordion-item-title\" data-accordion-index=\"5\" tabindex=\"-1\" aria-expanded=\"false\" aria-controls=\"e-n-accordion-item-1494\" >\n\t\t\t\t\t<span class='e-n-accordion-item-title-header'><div class=\"e-n-accordion-item-title-text\"> Puis-je l\u2019associer \u00e0 d\u2019autres traitements ? <\/div><\/span>\n\t\t\t\t\t\t\t<span class='e-n-accordion-item-title-icon'>\n\t\t\t<span class='e-opened' ><svg aria-hidden=\"true\" class=\"e-font-icon-svg e-fas-minus\" viewBox=\"0 0 448 512\" xmlns=\"http:\/\/www.w3.org\/2000\/svg\"><path d=\"M416 208H32c-17.67 0-32 14.33-32 32v32c0 17.67 14.33 32 32 32h384c17.67 0 32-14.33 32-32v-32c0-17.67-14.33-32-32-32z\"><\/path><\/svg><\/span>\n\t\t\t<span class='e-closed'><svg aria-hidden=\"true\" class=\"e-font-icon-svg e-fas-plus\" viewBox=\"0 0 448 512\" xmlns=\"http:\/\/www.w3.org\/2000\/svg\"><path d=\"M416 208H272V64c0-17.67-14.33-32-32-32h-32c-17.67 0-32 14.33-32 32v144H32c-17.67 0-32 14.33-32 32v32c0 17.67 14.33 32 32 32h144v144c0 17.67 14.33 32 32 32h32c17.67 0 32-14.33 32-32V304h144c17.67 0 32-14.33 32-32v-32c0-17.67-14.33-32-32-32z\"><\/path><\/svg><\/span>\n\t\t<\/span>\n\n\t\t\t\t\t\t<\/summary>\n\t\t\t\t<div role=\"region\" aria-labelledby=\"e-n-accordion-item-1494\" class=\"elementor-element elementor-element-c514fb9 e-flex e-con-boxed e-con e-child\" data-id=\"c514fb9\" data-element_type=\"container\">\n\t\t\t\t\t<div class=\"e-con-inner\">\n\t\t<div role=\"region\" aria-labelledby=\"e-n-accordion-item-1494\" class=\"elementor-element elementor-element-01c834b e-con-full e-flex e-con e-child\" data-id=\"01c834b\" data-element_type=\"container\">\n\t\t\t\t<div class=\"elementor-element elementor-element-5f5400f elementor-widget elementor-widget-text-editor\" data-id=\"5f5400f\" data-element_type=\"widget\" data-widget_type=\"text-editor.default\">\n\t\t\t\t<div class=\"elementor-widget-container\">\n\t\t\t\t\t\t\t\t\t<p>Oui, il est compatible avec des produits comme le <strong>Hair Complex Meso Serum<\/strong> pour am\u00e9liorer les r\u00e9sultats.<\/p>\t\t\t\t\t\t\t\t<\/div>\n\t\t\t\t<\/div>\n\t\t\t\t<\/div>\n\t\t\t\t\t<\/div>\n\t\t\t\t<\/div>\n\t\t\t\t\t<\/details>\n\t\t\t\t\t<\/div>\n\t\t\t\t\t\t<\/div>\n\t\t\t\t<\/div>\n\t\t\t\t<\/div>\n\t\t<div class=\"elementor-element elementor-element-108829b e-flex e-con-boxed e-con e-parent\" data-id=\"108829b\" data-element_type=\"container\">\n\t\t\t\t\t<div class=\"e-con-inner\">\n\t\t\t\t<div class=\"elementor-element elementor-element-3083131 elementor-widget elementor-widget-text-editor\" data-id=\"3083131\" data-element_type=\"widget\" data-widget_type=\"text-editor.default\">\n\t\t\t\t<div class=\"elementor-widget-container\">\n\t\t\t\t\t\t\t\t\t<h2><strong>R\u00e9f\u00e9rences<\/strong><\/h2><ul><li>Journal of Cosmetic Dermatology \u2013 Pr\u00e9vention de la chute et efficacit\u00e9 des peptides<\/li><li>International Journal of Trichology \u2013 R\u00f4le des actifs botaniques et des acides amin\u00e9s<br><\/li><li>PubMed \u2013 Capixyl\u2122, Redensyl, and Procapil clinical studies<\/li><li>Dermatologic Therapy Journal \u2013 Microcirculation du cuir chevelu et strat\u00e9gies anti-chute<\/li><\/ul>\t\t\t\t\t\t\t\t<\/div>\n\t\t\t\t<\/div>\n\t\t\t\t\t<\/div>\n\t\t\t\t<\/div>\n\t\t\t\t<\/div>\n\t\t","protected":false},"excerpt":{"rendered":"<p>Maintenir des cheveux sains et \u00e9pais n\u00e9cessite plus qu\u2019un soin occasionnel : cela demande une routine capillaire quotidienne qui nourrit le cuir chevelu, renforce les follicules et pr\u00e9vient la chute [&hellip;]<\/p>\n","protected":false},"author":2,"featured_media":18878,"comment_status":"open","ping_status":"open","sticky":false,"template":"","format":"standard","meta":{"_joinchat":[],"footnotes":""},"categories":[21],"tags":[],"class_list":["post-18909","post","type-post","status-publish","format-standard","has-post-thumbnail","hentry","category-non-classifiee"],"acf":[],"_links":{"self":[{"href":"https:\/\/mdplusbio.com\/fr\/wp-json\/wp\/v2\/posts\/18909","targetHints":{"allow":["GET"]}}],"collection":[{"href":"https:\/\/mdplusbio.com\/fr\/wp-json\/wp\/v2\/posts"}],"about":[{"href":"https:\/\/mdplusbio.com\/fr\/wp-json\/wp\/v2\/types\/post"}],"author":[{"embeddable":true,"href":"https:\/\/mdplusbio.com\/fr\/wp-json\/wp\/v2\/users\/2"}],"replies":[{"embeddable":true,"href":"https:\/\/mdplusbio.com\/fr\/wp-json\/wp\/v2\/comments?post=18909"}],"version-history":[{"count":0,"href":"https:\/\/mdplusbio.com\/fr\/wp-json\/wp\/v2\/posts\/18909\/revisions"}],"wp:featuredmedia":[{"embeddable":true,"href":"https:\/\/mdplusbio.com\/fr\/wp-json\/wp\/v2\/media\/18878"}],"wp:attachment":[{"href":"https:\/\/mdplusbio.com\/fr\/wp-json\/wp\/v2\/media?parent=18909"}],"wp:term":[{"taxonomy":"category","embeddable":true,"href":"https:\/\/mdplusbio.com\/fr\/wp-json\/wp\/v2\/categories?post=18909"},{"taxonomy":"post_tag","embeddable":true,"href":"https:\/\/mdplusbio.com\/fr\/wp-json\/wp\/v2\/tags?post=18909"}],"curies":[{"name":"wp","href":"https:\/\/api.w.org\/{rel}","templated":true}]}}